{"id":6409,"date":"2026-09-04T14:50:13","date_gmt":"2026-09-04T12:50:13","guid":{"rendered":"https:\/\/zsps.krakow.pl\/?p=6409"},"modified":"2026-09-04T14:50:13","modified_gmt":"2026-09-04T12:50:13","slug":"termin-skladania-deklaracji-do-egzaminu-zawodowego-w-sesji-zima-2027","status":"publish","type":"post","link":"https:\/\/zsps.krakow.pl\/index.php\/2026\/09\/04\/termin-skladania-deklaracji-do-egzaminu-zawodowego-w-sesji-zima-2027\/","title":{"rendered":"Termin sk\u0142adania deklaracji do egzaminu zawodowego w sesji ZIMA 2027"},"content":{"rendered":"<p>Drodzy Uczniowie i Absolwenci!<\/p>\n<p>Deklaracje do egzaminu zawodowego w sesji ZIMA 2027 (stycze\u0144 2027) nale\u017cy z\u0142o\u017cy\u0107 do 15 wrze\u015bnia 2026 r.<\/p>\n","protected":false},"excerpt":{"rendered":"<p>Drodzy Uczniowie i Absolwenci! Deklaracje do egzaminu zawodowego w sesji ZIMA 2027 (stycze\u0144 2027) nale\u017cy z\u0142o\u017cy\u0107 do 15 wrze\u015bnia 2026 r.<\/p>\n","protected":false},"author":2,"featured_media":6410,"comment_status":"closed","ping_status":"closed","sticky":false,"template":"","format":"standard","meta":{"footnotes":"","two_page_speed":[]},"categories":[1],"tags":[],"gutentor_comment":0,"jetpack_featured_media_url":"https:\/\/zsps.krakow.pl\/wp-content\/uploads\/2026\/09\/deklaracja-egzamin-zawodowy-sesja-zima-2027-scaled.jpg","jetpack_shortlink":"https:\/\/wp.me\/p9B38h-1Fn","_links":{"self":[{"href":"https:\/\/zsps.krakow.pl\/index.php\/wp-json\/wp\/v2\/posts\/6409"}],"collection":[{"href":"https:\/\/zsps.krakow.pl\/index.php\/wp-json\/wp\/v2\/posts"}],"about":[{"href":"https:\/\/zsps.krakow.pl\/index.php\/wp-json\/wp\/v2\/types\/post"}],"author":[{"embeddable":true,"href":"https:\/\/zsps.krakow.pl\/index.php\/wp-json\/wp\/v2\/users\/2"}],"replies":[{"embeddable":true,"href":"https:\/\/zsps.krakow.pl\/index.php\/wp-json\/wp\/v2\/comments?post=6409"}],"version-history":[{"count":1,"href":"https:\/\/zsps.krakow.pl\/index.php\/wp-json\/wp\/v2\/posts\/6409\/revisions"}],"predecessor-version":[{"id":6411,"href":"https:\/\/zsps.krakow.pl\/index.php\/wp-json\/wp\/v2\/posts\/6409\/revisions\/6411"}],"wp:featuredmedia":[{"embeddable":true,"href":"https:\/\/zsps.krakow.pl\/index.php\/wp-json\/wp\/v2\/media\/6410"}],"wp:attachment":[{"href":"https:\/\/zsps.krakow.pl\/index.php\/wp-json\/wp\/v2\/media?parent=6409"}],"wp:term":[{"taxonomy":"category","embeddable":true,"href":"https:\/\/zsps.krakow.pl\/index.php\/wp-json\/wp\/v2\/categories?post=6409"},{"taxonomy":"post_tag","embeddable":true,"href":"https:\/\/zsps.krakow.pl\/index.php\/wp-json\/wp\/v2\/tags?post=6409"}],"curies":[{"name":"wp","href":"https:\/\/api.w.org\/{rel}","templated":true}]}}